{"id":431,"date":"2025-02-25T12:33:56","date_gmt":"2025-02-25T11:33:56","guid":{"rendered":"https:\/\/notalonesuedtirol.com\/2025\/02\/25\/violenza-sul-posto-di-lavoro\/"},"modified":"2025-09-12T10:58:55","modified_gmt":"2025-09-12T08:58:55","slug":"violenza-sul-posto-di-lavoro","status":"publish","type":"post","link":"https:\/\/notalonesuedtirol.com\/it\/2025\/02\/25\/violenza-sul-posto-di-lavoro\/","title":{"rendered":"Violenza sul posto di lavoro"},"content":{"rendered":"\n<p class=\"has-albert-sans-font-family wp-block-paragraph\">Il codice delle pari opportunit\u00e0 (decreto legislativo n. 198\/2006) definisce molestie sessuali tutti quei comportamenti a sfondo sessuale o basati sull&#8217;appartenenza di genere che hanno la caratteristica di essere indesiderati e di violare la dignit\u00e0 di una persona.<\/p>\n\n\n\n<p class=\"has-albert-sans-font-family wp-block-paragraph\">Fanno parte di questi ultimi una serie di<strong> molestie e di comportamenti indesiderati<\/strong> messi in atto per ragioni connesse al sesso e aventi lo scopo o l&#8217;effetto di violare la dignit\u00e0 di una lavoratrice o di un lavoratore e di creare un clima intimidatorio, ostile, degradante, umiliante o offensivo.<\/p>\n\n\n\n<p class=\"is-style-text-subtitle has-albert-sans-font-family is-style-text-subtitle--1 wp-block-paragraph\"><strong><mark style=\"background-color:rgba(0, 0, 0, 0);color:#941b45\" class=\"has-inline-color\">Cosa fare se si \u00e8 vittima di molestie sessuali sul luogo di lavoro?<\/mark><\/strong><\/p>\n\n\n\n<p class=\"has-albert-sans-font-family wp-block-paragraph\">La molestia sessuale si manifesta in molte forme. Le persone interessate spesso reagiscono con ritardo a causa della loro vergogna o della paura di perdere il lavoro. Per intervenire rapidamente, \u00e8 importante che le vittime richiedano tempestivamente la consulenza della consigliera di parit\u00e0 o di un sindacato. Accanto alle conseguenze penali per l&#8217;autore (o gli autori), anche sul datore di lavoro gravano obblighi di legge circa la prevenzione della violenza (di genere) ovvero l&#8217;obbligo di intervenire immediatamente (articoli 2049 e 2087 del codice civile).<\/p>\n\n\n\n<p class=\"is-style-text-subtitle has-albert-sans-font-family is-style-text-subtitle--2 wp-block-paragraph\"><strong><mark style=\"background-color:rgba(0, 0, 0, 0);color:#941b45\" class=\"has-inline-color\">Mobbing<\/mark><\/strong><\/p>\n\n\n\n<p class=\"has-albert-sans-font-family wp-block-paragraph\">Nel 1993, lo psicologo del lavoro Heinz Leymann, nel suo libro &#8220;Mobbing: Psychoterror am Arbeitsplatz und wie man sich dagegen wehren kann&#8221; (Mobbing: terrorismo psicologico sul luogo di lavoro \u2012 come difendersi) ha formulato una definizione del mobbing, portando cos\u00ec l&#8217;argomento al centro del dibattito pubblico.<\/p>\n\n\n\n<p class=\"has-albert-sans-font-family wp-block-paragraph\">Leymann descrive il mobbing come &#8220;una comunicazione ostile da parte di uno o pi\u00f9 individui diretta contro un singolo, che molto spesso pu\u00f2 protrarsi nel tempo e condizionare il rapporto tra l&#8217;autore e la vittima.&#8221; <\/p>\n\n\n\n<p class=\"has-albert-sans-font-family wp-block-paragraph\">La legge provinciale 21 giugno 2021, n. 4, definisce il mobbing come una serie di comportamenti<\/p>\n\n\n\n<ul class=\"wp-block-list\">\n<li class=\"has-albert-sans-font-family\"><strong>caratterizzati da una conflittualit\u00e0 sistematica, persistente e in costante progresso;<\/strong><\/li>\n\n\n\n<li class=\"has-albert-sans-font-family\"><strong>mediante i quali una o pi\u00f9 persone vengono fatte oggetto di azioni persecutorie da parte di uno o pi\u00f9 aggressori in posizione superiore o di parit\u00e0;<\/strong><\/li>\n\n\n\n<li class=\"has-albert-sans-font-family\"><strong>che hanno lo scopo di causare alla vittima danni di vario tipo e gravit\u00e0.<\/strong><\/li>\n<\/ul>\n\n\n\n<p class=\"has-albert-sans-font-family wp-block-paragraph\">La persona colpita non ha alcuna possibilit\u00e0 o ha grande difficolt\u00e0 a reagire, con conseguenze negative per la sua salute psicofisica, il suo equilibrio, le relazioni sociali, la reputazione personale e la professionalit\u00e0.<\/p>\n\n\n\n<p class=\"has-albert-sans-font-family wp-block-paragraph\"><strong>Il mobbing \u00e8 caratterizzato dalla contestuale presenza delle seguenti condizioni:<\/strong><\/p>\n\n\n\n<ul class=\"wp-block-list\">\n<li class=\"has-albert-sans-font-family\">la situazione di conflittualit\u00e0 si svolge in un contesto lavorativo;<\/li>\n\n\n\n<li class=\"has-albert-sans-font-family\">vengono messe in atto azioni ostili quali ad esempio interferenze nelle relazioni interpersonali, isolamento sistematico, assegnazione ad altre mansioni, atti lesivi della reputazione, violenza o minacce di violenza;<\/li>\n\n\n\n<li class=\"has-albert-sans-font-family\">le azioni ostili si ripetono pi\u00f9 volte al mese;<\/li>\n\n\n\n<li class=\"has-albert-sans-font-family\">le azioni ostili sono in corso da almeno sei mesi;<\/li>\n\n\n\n<li class=\"has-albert-sans-font-family\">la situazione conflittuale tende ad acutizzarsi gradualmente;<\/li>\n\n\n\n<li class=\"has-albert-sans-font-family\">\u00e8 riscontrabile uno squilibrio tra gli antagonisti;<\/li>\n\n\n\n<li class=\"has-albert-sans-font-family\">\u00e8 presente un intento persecutorio.<\/li>\n<\/ul>\n\n\n\n<p class=\"has-albert-sans-font-family wp-block-paragraph\">Le azioni dannose sul posto di lavoro non si verificano sempre in modo continuo e regolare, ma possono comunque produrre effetti negativi duraturi. In questo caso, si parla di straining.<\/p>\n\n\n\n<p class=\"is-style-text-subtitle has-albert-sans-font-family is-style-text-subtitle--3 wp-block-paragraph\"><strong><mark style=\"background-color:rgba(0, 0, 0, 0);color:#941b45\" class=\"has-inline-color\">Cosa vuol dire &#8220;straining&#8221;?<\/mark><\/strong><\/p>\n\n\n\n<p class=\"has-albert-sans-font-family wp-block-paragraph\">Per straining si intende una situazione di stress indotto sul posto di lavoro in cui la vittima subisce almeno un\u2019azione che ha come conseguenza un effetto negativo duraturo sull\u2019ambiente di lavoro.<br>&#8220;A mero titolo esemplificativo l\u2019effetto negativo duraturo pu\u00f2 consistere in un demansionamento, uno svuotamento di mansioni, una marginalizzazione, un\u2019esclusione da informazioni fondamentali per un buon espletamento del lavoro o in analoghe azioni volte a ostacolare o compromettere il sereno e dignitoso svolgimento del proprio lavoro e a sminuire la professionalit\u00e0 del\/della dipendente.&#8221; (Fonte: <em>Landesgesetz vom 21. Juni 2021, Nr. 4<\/em>)<\/p>\n\n\n\n<p class=\"is-style-text-subtitle has-albert-sans-font-family has-large-font-size is-style-text-subtitle--4 wp-block-paragraph\"><strong><mark style=\"background-color:rgba(0, 0, 0, 0);color:#941b45\" class=\"has-inline-color\">Il servizio Anti Mobbing<\/mark><\/strong><\/p>\n\n\n\n<p class=\"has-albert-sans-font-family wp-block-paragraph\">I principali compiti del servizio sono i seguenti:<\/p>\n\n\n\n<ul class=\"wp-block-list\">\n<li class=\"has-albert-sans-font-family\">svolgere attivit\u00e0 di informazione, consulenza e mediazione per lavoratrici\/lavoratori e per datrici\/datori di lavoro;<\/li>\n\n\n\n<li class=\"has-albert-sans-font-family\">sensibilizzare l&#8217;opinione pubblica in collaborazione con associazioni e istituzioni;<\/li>\n\n\n\n<li class=\"has-albert-sans-font-family\">misure di informazione e formazione per lavoratrici, lavoratori, datori di lavoro e datrici di lavoro in collaborazione con enti locali di formazione;<\/li>\n\n\n\n<li class=\"has-albert-sans-font-family\">organizzare conferenze e convegni in collaborazione con istituzioni, organizzazioni di categoria e associazioni.<\/li>\n<\/ul>\n\n\n\n<p class=\"has-albert-sans-font-family wp-block-paragraph\"><strong>Le lavoratrici e i lavoratori nonch\u00e9 le datrici e i datori di lavoro possono contattare il servizio antimobbing compilando l&#8217;apposito <a href=\"https:\/\/www.gleichstellungsraetin-bz.org\/kontakte.asp\">modulo online<\/a><\/strong> .<\/p>\n\n\n\n<p class=\"has-albert-sans-font-family wp-block-paragraph\"><strong>Per aiuto rivolgersi alla consigliera di parit\u00e0:<\/strong><\/p>\n\n\n\n<p class=\"has-albert-sans-font-family wp-block-paragraph\">Consigliera di parit\u00e0<br>Via Cavour23\/c (Parterre)<br>39100 Bolzano<\/p>\n\n\n\n<div class=\"wp-block-jetpack-map\" data-map-id=\"jp-map-5\" data-map-provider=\"mapkit\" data-api-key=\"pk.eyJ1IjoiYXV0b21hdHRpYyIsImEiOiJjazVpZjA5aWswYTFvM21sOWtzNW1rNG9lIn0.Gu-sp4wRxnnQB-Qa8CpuZQ\" data-map-style=\"default\" data-blog-id=\"239520793\"><ul><li><a href=\"https:\/\/www.google.com\/maps\/search\/?api=1&amp;query=46.5018051,11.3612697\">Cavourstra\u00dfe 23, Bozen, Italien<\/a><\/li><\/ul><\/div>\n\n\n\n<p class=\"has-albert-sans-font-family wp-block-paragraph\"><strong>Tel. <a href=\"tel:390471946003\">+39 0471 946003<\/a><\/strong><br><strong>E-Mail: <a href=\"mailto:info@gleichstellungsraetin-bz.org\">info@gleichstellungsraetin-bz.org<\/a><\/strong><br><strong>Sito web: <a href=\"http:\/\/www.gleichstellungsraetin-bz.org\">www.gleichstellungsraetin-bz.org<\/a><\/strong><\/p>\n\n\n\n<p class=\"wp-block-paragraph\"><\/p>\n","protected":false},"excerpt":{"rendered":"<p>Il codice delle pari opportunit\u00e0 (decreto legislativo n. 198\/2006) definisce molestie sessuali tutti quei comportamenti a sfondo sessuale o basati sull&#8217;appartenenza di genere che hanno la caratteristica di essere indesiderati e di violare la dignit\u00e0 di una persona. Fanno parte di questi ultimi una serie di molestie e di comportamenti indesiderati messi in atto per [&hellip;]<\/p>\n","protected":false},"author":209540932,"featured_media":1629,"comment_status":"open","ping_status":"open","sticky":false,"template":"","format":"standard","meta":{"advanced_seo_description":"","jetpack_seo_html_title":"","jetpack_seo_noindex":false,"jetpack_seo_schema_type":"","_jetpack_newsletter_access":"","_jetpack_dont_email_post_to_subs":false,"_jetpack_newsletter_tier_id":0,"_jetpack_memberships_contains_paywalled_content":false,"_wpcom_ai_launchpad_first_post":false,"_jetpack_feature_clip_id":0,"_jetpack_memberships_contains_paid_content":false,"footnotes":"","jetpack_publicize_message":"{title}\n\n{excerpt}\n\n{url}","jetpack_publicize_feature_enabled":true,"jetpack_social_post_already_shared":true,"jetpack_social_options":{"image_generator_settings":{"template":"highway","default_image_id":0,"font":"","enabled":false},"version":2},"_wpas_customize_per_network":false,"jetpack_post_was_ever_published":false},"categories":[3179,3176],"tags":[],"appful":[2713],"class_list":["post-431","post","type-post","status-publish","format-standard","has-post-thumbnail","hentry","category-b","category-violenza","appful-push"],"jetpack_publicize_connections":[],"jetpack_likes_enabled":true,"jetpack_sharing_enabled":true,"jetpack_shortlink":"https:\/\/wp.me\/pgd0iB-6X","jetpack-related-posts":[],"jetpack_featured_media_url":"https:\/\/i0.wp.com\/notalonesuedtirol.com\/wp-content\/uploads\/2025\/02\/Gewalt-an-Frauen-6-1.png?fit=1250%2C833&ssl=1","_links":{"self":[{"href":"https:\/\/notalonesuedtirol.com\/it\/wp-json\/wp\/v2\/posts\/431","targetHints":{"allow":["GET"]}}],"collection":[{"href":"https:\/\/notalonesuedtirol.com\/it\/wp-json\/wp\/v2\/posts"}],"about":[{"href":"https:\/\/notalonesuedtirol.com\/it\/wp-json\/wp\/v2\/types\/post"}],"author":[{"embeddable":true,"href":"https:\/\/notalonesuedtirol.com\/it\/wp-json\/wp\/v2\/users\/209540932"}],"replies":[{"embeddable":true,"href":"https:\/\/notalonesuedtirol.com\/it\/wp-json\/wp\/v2\/comments?post=431"}],"version-history":[{"count":5,"href":"https:\/\/notalonesuedtirol.com\/it\/wp-json\/wp\/v2\/posts\/431\/revisions"}],"predecessor-version":[{"id":1139,"href":"https:\/\/notalonesuedtirol.com\/it\/wp-json\/wp\/v2\/posts\/431\/revisions\/1139"}],"wp:featuredmedia":[{"embeddable":true,"href":"https:\/\/notalonesuedtirol.com\/it\/wp-json\/wp\/v2\/media\/1629"}],"wp:attachment":[{"href":"https:\/\/notalonesuedtirol.com\/it\/wp-json\/wp\/v2\/media?parent=431"}],"wp:term":[{"taxonomy":"category","embeddable":true,"href":"https:\/\/notalonesuedtirol.com\/it\/wp-json\/wp\/v2\/categories?post=431"},{"taxonomy":"post_tag","embeddable":true,"href":"https:\/\/notalonesuedtirol.com\/it\/wp-json\/wp\/v2\/tags?post=431"},{"taxonomy":"appful","embeddable":true,"href":"https:\/\/notalonesuedtirol.com\/it\/wp-json\/wp\/v2\/appful?post=431"}],"curies":[{"name":"wp","href":"https:\/\/api.w.org\/{rel}","templated":true}]}}