{"id":401,"date":"2025-02-26T08:31:03","date_gmt":"2025-02-26T07:31:03","guid":{"rendered":"https:\/\/notalonesuedtirol.com\/2025\/02\/26\/reddito-di-liberta\/"},"modified":"2025-04-21T17:26:06","modified_gmt":"2025-04-21T15:26:06","slug":"reddito-di-liberta","status":"publish","type":"post","link":"https:\/\/notalonesuedtirol.com\/it\/2025\/02\/26\/reddito-di-liberta\/","title":{"rendered":"Reddito di libert\u00e0"},"content":{"rendered":"\n<p class=\"is-style-text-subtitle is-style-text-subtitle--1 wp-block-paragraph\"><strong><mark style=\"background-color:rgba(0, 0, 0, 0);color:#961b45\" class=\"has-inline-color\"><strong>Che cos&#8217;\u00e8 il supporto all&#8217;autonomia?<\/strong><\/mark><\/strong><\/p>\n\n\n\n<p class=\"has-albert-sans-font-family wp-block-paragraph\">Il supporto all&#8217;autonomia \u00e8 una misura che permette alle donne vittime di violenza e in situazione di povert\u00e0 di raggiungere <strong>l&#8217;indipendenza economica<\/strong>, aprendo cos\u00ec la strada verso l&#8217;autosufficienza e la libert\u00e0.<\/p>\n\n\n\n<p class=\"wp-block-paragraph\">La suddetta misura \u00e8 principalmente finalizzata a sostenere <strong>l&#8217;autonomia abitativa, l&#8217;indipendenza personale<\/strong> e il <strong>percorso educativo e formativo dei figli minorenni<\/strong>. \u00c8 compatibile con l&#8217;assistenza economica sociale della Provincia e dello Stato.<\/p>\n\n\n\n<p class=\"is-style-text-subtitle has-albert-sans-font-family is-style-text-subtitle--2 wp-block-paragraph\"><strong><mark style=\"background-color:rgba(0, 0, 0, 0);color:#961b45\" class=\"has-inline-color\">Chi pu\u00f2 presentare la domanda?<\/mark><\/strong><\/p>\n\n\n\n<p class=\"has-albert-sans-font-family wp-block-paragraph\">La misura pu\u00f2 essere richiesta da <strong>donne sole<\/strong> o da <strong>donne con figli minorenni <\/strong>che sono seguite e supportate da un centro di consulenza riconosciuto a livello provinciale per donne in situazioni di violenza.<\/p>\n\n\n\n<p class=\"is-style-text-subtitle has-albert-sans-font-family is-style-text-subtitle--3 wp-block-paragraph\"><strong><mark style=\"background-color:rgba(0, 0, 0, 0);color:#961b45\" class=\"has-inline-color\">Qual \u00e8 l&#8217;importo?<\/mark><\/strong><\/p>\n\n\n\n<p class=\"has-albert-sans-font-family wp-block-paragraph\">Si pu\u00f2 richiedere un contributo mensile massimo di <strong>400 euro per una durata di 12 mesi.<\/strong> L&#8217;importo viene erogato in un&#8217;unica soluzione.<br><\/p>\n\n\n\n<p class=\"is-style-text-subtitle has-albert-sans-font-family is-style-text-subtitle--4 wp-block-paragraph\"><strong><mark style=\"background-color:rgba(0, 0, 0, 0);color:#961b45\" class=\"has-inline-color\">Come si presenta la domanda?<\/mark><\/strong><\/p>\n\n\n\n<p class=\"has-albert-sans-font-family wp-block-paragraph\">La domanda pu\u00f2 essere presentata dalle <strong>donne interessate <\/strong>direttamente o tramite un<strong> rappresentante legale<\/strong> o un delegato presso il Comune di residenza, che la inserisce nel portale\u00a0<a href=\"http:\/\/www.inps.it\/\"><mark style=\"background-color:rgba(0, 0, 0, 0);color:#941b45\" class=\"has-inline-color\">www.inps.it<\/mark><\/a>\u00a0in conformit\u00e0 con la relativa circolare dell&#8217;INPS.<\/p>\n\n\n\n<p class=\"has-albert-sans-font-family wp-block-paragraph\"><strong>Ecco il link alla circolare: <a href=\"https:\/\/www.inps.it\/it\/it\/inps-comunica\/atti\/circolari-messaggi-e-normativa\/dettaglio.circolari-e-messaggi.2021.11.circolare-numero-166-del-08-11-2021_13584.html\">Circolare<\/a><\/strong><\/p>\n\n\n\n<p class=\"is-style-text-subtitle has-albert-sans-font-family is-style-text-subtitle--5 wp-block-paragraph\"><strong><mark style=\"background-color:rgba(0, 0, 0, 0);color:#961b45\" class=\"has-inline-color\">Quali documenti sono necessari?<\/mark><\/strong><\/p>\n\n\n\n<p class=\"has-albert-sans-font-family wp-block-paragraph\"><strong>L&#8217;attestazione<\/strong> dell&#8217;esistenza di una situazione di necessit\u00e0 economica regolare o straordinaria urgente, rilasciata da un <strong>servizio sociale <\/strong>competente per territorio, e la dichiarazione che certifica il percorso di emancipazione e autonomia intrapreso dalla donna, presentata dal rappresentante legale di un centro di <strong>consulenza provinciale per donne in situazioni di violenza.<\/strong><\/p>\n\n\n\n<p class=\"is-style-text-annotation is-style-text-annotation--6 wp-block-paragraph\">Norma di riferimento: <a href=\"https:\/\/www.gazzettaufficiale.it\/eli\/id\/2021\/07\/20\/21A04402\/SG\"><strong>Decreto del Presidente<\/strong><\/a> del Consiglio dei Ministri del 17 dicembre 2020 <\/p>\n\n\n\n<p class=\"wp-block-paragraph\"><\/p>\n\n\n\n<p class=\"wp-block-paragraph\"><\/p>\n","protected":false},"excerpt":{"rendered":"<p>Che cos&#8217;\u00e8 il supporto all&#8217;autonomia? Il supporto all&#8217;autonomia \u00e8 una misura che permette alle donne vittime di violenza e in situazione di povert\u00e0 di raggiungere l&#8217;indipendenza economica, aprendo cos\u00ec la strada verso l&#8217;autosufficienza e la libert\u00e0. La suddetta misura \u00e8 principalmente finalizzata a sostenere l&#8217;autonomia abitativa, l&#8217;indipendenza personale e il percorso educativo e formativo dei [&hellip;]<\/p>\n","protected":false},"author":209540932,"featured_media":1670,"comment_status":"open","ping_status":"open","sticky":false,"template":"","format":"standard","meta":{"advanced_seo_description":"","jetpack_seo_html_title":"","jetpack_seo_noindex":false,"jetpack_seo_schema_type":"","_jetpack_newsletter_access":"","_jetpack_dont_email_post_to_subs":false,"_jetpack_newsletter_tier_id":0,"_jetpack_memberships_contains_paywalled_content":false,"_wpcom_ai_launchpad_first_post":false,"_jetpack_feature_clip_id":0,"_jetpack_memberships_contains_paid_content":false,"footnotes":"","jetpack_publicize_message":"{title}\n\n{excerpt}\n\n{url}","jetpack_publicize_feature_enabled":true,"jetpack_social_post_already_shared":true,"jetpack_social_options":{"image_generator_settings":{"template":"highway","default_image_id":0,"font":"","enabled":false},"version":2},"_wpas_customize_per_network":false,"jetpack_post_was_ever_published":false},"categories":[3226,2775],"tags":[],"appful":[2713],"class_list":["post-401","post","type-post","status-publish","format-standard","has-post-thumbnail","hentry","category-aiuti-per-le-donne","category-senza-categoria","appful-push"],"jetpack_publicize_connections":[],"jetpack_likes_enabled":true,"jetpack_sharing_enabled":true,"jetpack_shortlink":"https:\/\/wp.me\/pgd0iB-6t","jetpack-related-posts":[],"jetpack_featured_media_url":"https:\/\/i0.wp.com\/notalonesuedtirol.com\/wp-content\/uploads\/2025\/02\/Unterstuetzung-fuer-Frauen-12-2.png?fit=1250%2C833&ssl=1","_links":{"self":[{"href":"https:\/\/notalonesuedtirol.com\/it\/wp-json\/wp\/v2\/posts\/401","targetHints":{"allow":["GET"]}}],"collection":[{"href":"https:\/\/notalonesuedtirol.com\/it\/wp-json\/wp\/v2\/posts"}],"about":[{"href":"https:\/\/notalonesuedtirol.com\/it\/wp-json\/wp\/v2\/types\/post"}],"author":[{"embeddable":true,"href":"https:\/\/notalonesuedtirol.com\/it\/wp-json\/wp\/v2\/users\/209540932"}],"replies":[{"embeddable":true,"href":"https:\/\/notalonesuedtirol.com\/it\/wp-json\/wp\/v2\/comments?post=401"}],"version-history":[{"count":4,"href":"https:\/\/notalonesuedtirol.com\/it\/wp-json\/wp\/v2\/posts\/401\/revisions"}],"predecessor-version":[{"id":970,"href":"https:\/\/notalonesuedtirol.com\/it\/wp-json\/wp\/v2\/posts\/401\/revisions\/970"}],"wp:featuredmedia":[{"embeddable":true,"href":"https:\/\/notalonesuedtirol.com\/it\/wp-json\/wp\/v2\/media\/1670"}],"wp:attachment":[{"href":"https:\/\/notalonesuedtirol.com\/it\/wp-json\/wp\/v2\/media?parent=401"}],"wp:term":[{"taxonomy":"category","embeddable":true,"href":"https:\/\/notalonesuedtirol.com\/it\/wp-json\/wp\/v2\/categories?post=401"},{"taxonomy":"post_tag","embeddable":true,"href":"https:\/\/notalonesuedtirol.com\/it\/wp-json\/wp\/v2\/tags?post=401"},{"taxonomy":"appful","embeddable":true,"href":"https:\/\/notalonesuedtirol.com\/it\/wp-json\/wp\/v2\/appful?post=401"}],"curies":[{"name":"wp","href":"https:\/\/api.w.org\/{rel}","templated":true}]}}