{"id":2183,"date":"2025-12-03T10:20:12","date_gmt":"2025-12-03T09:20:12","guid":{"rendered":"https:\/\/notalonesuedtirol.com\/?p=2183"},"modified":"2025-12-03T10:20:12","modified_gmt":"2025-12-03T09:20:12","slug":"la-vittimizzazione-secondaria","status":"publish","type":"post","link":"https:\/\/notalonesuedtirol.com\/it\/2025\/12\/03\/la-vittimizzazione-secondaria\/","title":{"rendered":"La vittimizzazione secondaria"},"content":{"rendered":"\n<p class=\"has-text-align-left wp-block-paragraph\">Il concetto di \u201ccolpevolizzazione della vittima\u201d \u00e8 stato coniato da William Ryan con con la pubblicazione, nel 1971, del suo libro intitolato appunto Blaming the victim. La pubblicazione \u00e8 una critica al saggio di Daniel Patrick Moynihan, The Negro Family: The Case for National Action, 1965, in cui l\u2019autore descriveva le sue teorie sulla formazione dei ghetti e la povert\u00e0 intergenerazionale.<br>Ryan muove una critica a queste teorie in quanto le considera tentativi di attribuire la responsabilit\u00e0 della povert\u00e0 al comportamento e ai modelli culturali dei poveri stessi. Il concetto \u00e8 stato ripreso in ambito legale, in particolare in difesa delle vittime di stupro accusate a loro volta di aver causato o favorito il crimine sub\u00ecto.<br>Generalmente si parla di \u201cvittimizzazione secondaria\u201d (o post-crime victimization) quando le vittime di crimini subiscono una seconda \u201cvittimizzazione\u201d, cio\u00e8 una seconda aggressione, che le rende di nuovo vittime, da parte delle istituzioni.<br>Questa seconda aggressione pu\u00f2 essere operata anche da rappresentanti delle Istituzioni, ad esempio da figure sanitarie, polizia, avvocati e della magistratura (che possono non credere alla versione della vittima e accusarla di avere provocato l\u2019aggressione). Anche i mass media possono causare una<br>\u201cvittimizzazione secondaria\u201d, per esempio pubblicando la foto e il nome della vittima, esponendola all\u2019opinione pubblica senza nessuna etica, oppure insinuando che la denuncia sia una calunnia senza attendere il verdetto del tribunale.<br>Le istituzioni che possono esercitare vittimizzazione secondaria sono per lo pi\u00f9 forze dell\u2019ordine, magistratura, servizi sociali e servizi sanitari.<br>Da una indagine qualitativa effettuata dal centro antiviolenza Dire Donne in rete contro la violenza, del novembre 2023, si evince che all\u2019inizio del percorso di uscita dalla violenza il 60% delle donne ha sub\u00ecto vittimizzazione secondaria da parte delle forze dell\u2019ordine e degli operatori della giustizia, il 32% da parte dei servizi sociali e il 25% da parte degli operatori sanitari. Riguardo agli operatori sanitari, dalla su indicata ricerca, si evince che la vittimizzazione secondaria si manifesta, per lo pi\u00f9, nel primo contatto che la donna, vittima di violenza, ha con il pronto soccorso e si estrinseca con scarsa attenzione, mancanza di empatia, esplicitazione di dubbi circa la violenza sub\u00ecta, scarsa disponibilit\u00e0 all\u2019ascolto, o anticipazione di ci\u00f2 che la donna pu\u00f2 fare, anche riguardo alla eventuale denuncia, con la rappresentazione di scenari, che la vittima, in condizioni di completa destabilizzazione, pu\u00f2 percepire come un rischio per s\u00e9 e per eventuali figli.<br>Un altro impatto la vittima di violenza, nella maggior parte dei casi, lo ha con la figura dello psicologo, afferente ai servizi territoriali, che nella presa in carico integrata, nella valutazione della sua condizione psicofisica e delle competenze genitoriali, nel caso in cui ci siano dei figli, pu\u00f2 non dare particolare importanza alle violenze sub\u00ecte dalla donna, arrivando a considerarla parzialmente incompetente nella gestione dei figli. <\/p>\n\n\n\n<p class=\"wp-block-paragraph\"><\/p>\n\n\n\n<p class=\"has-text-align-left wp-block-paragraph\">[Tratto da &#8220;Il libro bianco per la formazione sulla violenza contro le donne&#8221;]<\/p>\n","protected":false},"excerpt":{"rendered":"<p>Il concetto di \u201ccolpevolizzazione della vittima\u201d \u00e8 stato coniato da William Ryan con con la pubblicazione, nel 1971, del suo libro intitolato appunto Blaming the victim. La pubblicazione \u00e8 una critica al saggio di Daniel Patrick Moynihan, The Negro Family: The Case for National Action, 1965, in cui l\u2019autore descriveva le sue teorie sulla formazione [&hellip;]<\/p>\n","protected":false},"author":209540937,"featured_media":0,"comment_status":"open","ping_status":"open","sticky":false,"template":"","format":"standard","meta":{"advanced_seo_description":"","jetpack_seo_html_title":"","jetpack_seo_noindex":false,"jetpack_seo_schema_type":"","_jetpack_newsletter_access":"","_jetpack_dont_email_post_to_subs":false,"_jetpack_newsletter_tier_id":0,"_jetpack_memberships_contains_paywalled_content":false,"_wpcom_ai_launchpad_first_post":false,"_jetpack_feature_clip_id":0,"_jetpack_memberships_contains_paid_content":false,"footnotes":"","jetpack_publicize_message":"{title}\n\n{excerpt}\n\n{url}","jetpack_publicize_feature_enabled":true,"jetpack_social_post_already_shared":true,"jetpack_social_options":{"image_generator_settings":{"template":"highway","default_image_id":0,"font":"","enabled":false},"version":2},"_wpas_customize_per_network":false,"jetpack_post_was_ever_published":false},"categories":[3176],"tags":[],"appful":[],"class_list":["post-2183","post","type-post","status-publish","format-standard","hentry","category-violenza"],"jetpack_publicize_connections":[],"jetpack_likes_enabled":true,"jetpack_sharing_enabled":true,"jetpack_shortlink":"https:\/\/wp.me\/pgd0iB-zd","jetpack-related-posts":[],"jetpack_featured_media_url":"","_links":{"self":[{"href":"https:\/\/notalonesuedtirol.com\/it\/wp-json\/wp\/v2\/posts\/2183","targetHints":{"allow":["GET"]}}],"collection":[{"href":"https:\/\/notalonesuedtirol.com\/it\/wp-json\/wp\/v2\/posts"}],"about":[{"href":"https:\/\/notalonesuedtirol.com\/it\/wp-json\/wp\/v2\/types\/post"}],"author":[{"embeddable":true,"href":"https:\/\/notalonesuedtirol.com\/it\/wp-json\/wp\/v2\/users\/209540937"}],"replies":[{"embeddable":true,"href":"https:\/\/notalonesuedtirol.com\/it\/wp-json\/wp\/v2\/comments?post=2183"}],"version-history":[{"count":4,"href":"https:\/\/notalonesuedtirol.com\/it\/wp-json\/wp\/v2\/posts\/2183\/revisions"}],"predecessor-version":[{"id":2187,"href":"https:\/\/notalonesuedtirol.com\/it\/wp-json\/wp\/v2\/posts\/2183\/revisions\/2187"}],"wp:attachment":[{"href":"https:\/\/notalonesuedtirol.com\/it\/wp-json\/wp\/v2\/media?parent=2183"}],"wp:term":[{"taxonomy":"category","embeddable":true,"href":"https:\/\/notalonesuedtirol.com\/it\/wp-json\/wp\/v2\/categories?post=2183"},{"taxonomy":"post_tag","embeddable":true,"href":"https:\/\/notalonesuedtirol.com\/it\/wp-json\/wp\/v2\/tags?post=2183"},{"taxonomy":"appful","embeddable":true,"href":"https:\/\/notalonesuedtirol.com\/it\/wp-json\/wp\/v2\/appful?post=2183"}],"curies":[{"name":"wp","href":"https:\/\/api.w.org\/{rel}","templated":true}]}}