{"id":2098,"date":"2025-09-15T21:12:11","date_gmt":"2025-09-15T19:12:11","guid":{"rendered":"https:\/\/notalonesuedtirol.com\/?p=2098"},"modified":"2025-09-15T21:12:11","modified_gmt":"2025-09-15T19:12:11","slug":"servizio-di-consulenza-per-giovani-youngdirect","status":"publish","type":"post","link":"https:\/\/notalonesuedtirol.com\/it\/2025\/09\/15\/servizio-di-consulenza-per-giovani-youngdirect\/","title":{"rendered":"Servizio di consulenza per giovani Young+Direct"},"content":{"rendered":"\n<p class=\"wp-block-paragraph\"><strong>Young+Direct \u00e8 un servizio di consulenza ed informazione per i giovani dell&#8217;Alto Adige<\/strong>. Il servizio \u00e8 nato nel lontano 1992 su iniziativa del&nbsp;<a href=\"http:\/\/www.jugendring.it\/\">S\u00fcdtiroler Jugendring<\/a>, la Federazione delle organizzazioni giovanili dell&#8217;Alto Adige. Da allora si sono rivolti a noi migliaia di ragazzi con qualsiasi tipo di dubbio o problema.<\/p>\n\n\n\n<p class=\"wp-block-paragraph\"><strong>Sia che si tratti<\/strong>&nbsp;&#8230;<\/p>\n\n\n\n<ul class=\"wp-block-list\">\n<li>di domande sulla sessualit\u00e0, di problemi di cuore,<\/li>\n\n\n\n<li>di insoddisfazioni, di contrasti con gli amici o con i genitori,<\/li>\n\n\n\n<li>di difficolt\u00e0 ad accettare la vita,<\/li>\n\n\n\n<li>di solitudine, di lutto o di violenza &#8230;<\/li>\n<\/ul>\n\n\n\n<p class=\"wp-block-paragraph\">&#8230; essere aperti a tutto \u00e8 il nostro mestiere e la riservatezza \u00e8 il cardine della nostra professionalit\u00e0. In poche parole:&nbsp;<strong>con noi puoi parlare di tutto!<\/strong><\/p>\n\n\n\n<h1 class=\"wp-block-heading\">Servizi di consulenza<\/h1>\n\n\n\n<h3 class=\"wp-block-heading\"><strong>WhatsApp (solo per iscritto):<\/strong>\u00a0<strong>345 0817 056<\/strong>\u00a0 \u00a0 \u00a0 \u00a0 \u00a0 \u00a0 \u00a0\u00a0\u00a0\u00a0 lun &#8211; ven\u00a0 \/\u00a0 14.30 &#8211; 19.30<br><strong>Telefono giovani:\u00a0 0471 1551551<\/strong>\u00a0\u00a0\u00a0\u00a0\u00a0\u00a0\u00a0\u00a0\u00a0\u00a0\u00a0\u00a0\u00a0\u00a0\u00a0\u00a0\u00a0\u00a0\u00a0\u00a0\u00a0\u00a0\u00a0\u00a0 \u00a0 \u00a0 \u00a0 \u00a0\u00a0 \u00a0 lun &#8211; ven\u00a0 \/\u00a0 14.30 &#8211; 19.30<\/h3>\n\n\n\n<p class=\"wp-block-paragraph\"><strong>Colloquio personale nei nostri uffici a Bolzano:&nbsp;&nbsp;<\/strong>lun &#8211; ven&nbsp; \/ 14.30 &#8211; 16.30&nbsp; \/&nbsp; su appuntamento<br><br><strong>Facebook:<\/strong><a href=\"https:\/\/www.facebook.com\/pages\/YoungDirect-Beratung-Consulenza\/912007068826710?sk=photos_stream\">&nbsp;YoungDirectBeratungConsulenza<\/a><br><strong>e-mail:<\/strong>&nbsp;<a href=\"mailto:online@young-direct.it\">online@young-direct.it<\/a><\/p>\n\n\n\n<p class=\"wp-block-paragraph\">Contatti<\/p>\n\n\n\n<p class=\"wp-block-paragraph\">Via Johann Wolfgang Von Goethe 42<br>I &#8211; 39100 Bolzano<\/p>\n\n\n\n<p class=\"wp-block-paragraph\">Tel. 0471 &#8211; 060 430<br>Fax 0471 &#8211; 060 439<\/p>\n","protected":false},"excerpt":{"rendered":"<p>Young+Direct \u00e8 un servizio di consulenza ed informazione per i giovani dell&#8217;Alto Adige. Il servizio \u00e8 nato nel lontano 1992 su iniziativa del&nbsp;S\u00fcdtiroler Jugendring, la Federazione delle organizzazioni giovanili dell&#8217;Alto Adige. Da allora si sono rivolti a noi migliaia di ragazzi con qualsiasi tipo di dubbio o problema. Sia che si tratti&nbsp;&#8230; &#8230; essere aperti [&hellip;]<\/p>\n","protected":false},"author":209540937,"featured_media":0,"comment_status":"open","ping_status":"open","sticky":false,"template":"","format":"standard","meta":{"advanced_seo_description":"","jetpack_seo_html_title":"","jetpack_seo_noindex":false,"jetpack_seo_schema_type":"","_jetpack_newsletter_access":"","_jetpack_dont_email_post_to_subs":false,"_jetpack_newsletter_tier_id":0,"_jetpack_memberships_contains_paywalled_content":false,"_wpcom_ai_launchpad_first_post":false,"_jetpack_feature_clip_id":0,"_jetpack_memberships_contains_paid_content":false,"footnotes":"","jetpack_publicize_message":"{title}\n\n{excerpt}\n\n{url}","jetpack_publicize_feature_enabled":true,"jetpack_social_post_already_shared":true,"jetpack_social_options":{"image_generator_settings":{"template":"highway","default_image_id":0,"font":"","enabled":false},"version":2},"_wpas_customize_per_network":false,"jetpack_post_was_ever_published":false},"categories":[3227],"tags":[],"appful":[],"class_list":["post-2098","post","type-post","status-publish","format-standard","hentry","category-violenza-di-genere-e-giovani"],"jetpack_publicize_connections":[],"jetpack_likes_enabled":true,"jetpack_sharing_enabled":true,"jetpack_shortlink":"https:\/\/wp.me\/pgd0iB-xQ","jetpack-related-posts":[],"jetpack_featured_media_url":"","_links":{"self":[{"href":"https:\/\/notalonesuedtirol.com\/it\/wp-json\/wp\/v2\/posts\/2098","targetHints":{"allow":["GET"]}}],"collection":[{"href":"https:\/\/notalonesuedtirol.com\/it\/wp-json\/wp\/v2\/posts"}],"about":[{"href":"https:\/\/notalonesuedtirol.com\/it\/wp-json\/wp\/v2\/types\/post"}],"author":[{"embeddable":true,"href":"https:\/\/notalonesuedtirol.com\/it\/wp-json\/wp\/v2\/users\/209540937"}],"replies":[{"embeddable":true,"href":"https:\/\/notalonesuedtirol.com\/it\/wp-json\/wp\/v2\/comments?post=2098"}],"version-history":[{"count":3,"href":"https:\/\/notalonesuedtirol.com\/it\/wp-json\/wp\/v2\/posts\/2098\/revisions"}],"predecessor-version":[{"id":2101,"href":"https:\/\/notalonesuedtirol.com\/it\/wp-json\/wp\/v2\/posts\/2098\/revisions\/2101"}],"wp:attachment":[{"href":"https:\/\/notalonesuedtirol.com\/it\/wp-json\/wp\/v2\/media?parent=2098"}],"wp:term":[{"taxonomy":"category","embeddable":true,"href":"https:\/\/notalonesuedtirol.com\/it\/wp-json\/wp\/v2\/categories?post=2098"},{"taxonomy":"post_tag","embeddable":true,"href":"https:\/\/notalonesuedtirol.com\/it\/wp-json\/wp\/v2\/tags?post=2098"},{"taxonomy":"appful","embeddable":true,"href":"https:\/\/notalonesuedtirol.com\/it\/wp-json\/wp\/v2\/appful?post=2098"}],"curies":[{"name":"wp","href":"https:\/\/api.w.org\/{rel}","templated":true}]}}