{"id":2048,"date":"2025-09-15T21:22:05","date_gmt":"2025-09-15T19:22:05","guid":{"rendered":"https:\/\/notalonesuedtirol.com\/?p=2048"},"modified":"2025-09-25T15:49:19","modified_gmt":"2025-09-25T13:49:19","slug":"i-distretti-sociali-di-azienda-servizi-sociali-di-bolzano","status":"publish","type":"post","link":"https:\/\/notalonesuedtirol.com\/it\/2025\/09\/15\/i-distretti-sociali-di-azienda-servizi-sociali-di-bolzano\/","title":{"rendered":"I Distretti Sociali di Azienda Servizi Sociali di Bolzano"},"content":{"rendered":"\n<p class=\"wp-block-paragraph\">Il <strong>distretto sociale<\/strong> \u00e8 una struttura che offre servizi sociali di base, sia nei propri uffici che a domicilio.&nbsp; A Bolzano sono attivi cinque distretti sociali, chiamati anche \u201csedi distrettuali\u201d, in cui operano professioniste e professionisti qualificati. Sono distribuiti nei diversi quartieri della citt\u00e0 e garantiscono i loro servizi a tutta la popolazione residente.<\/p>\n\n\n\n<p class=\"wp-block-paragraph\">Tutte le persone che vivono nel Comune di Bolzano, indipendentemente dalla nazionalit\u00e0, possono rivolgersi al distretto sociale del proprio quartiere. Per chi non ha residenza a Bolzano \u00e8 attivo invece l\u2019<strong>Ufficio Inclusione Sociale, Lavorativa e Abitativa<\/strong>, che sviluppa e coordina progetti specifici.<\/p>\n\n\n\n<p class=\"wp-block-paragraph\">I distretti sociali offrono un\u2019ampia gamma di servizi rivolti a diverse fasce della popolazione: adulti, persone anziane, famiglie e minori, persone senza dimora e persone con disabilit\u00e0.<\/p>\n\n\n\n<p class=\"wp-block-paragraph\"><strong><em>Indirizzi e numeri di telefono delle sedi distrettuali di Bolzano<\/em><\/strong><\/p>\n\n\n\n<p class=\"wp-block-paragraph\"><strong>Distretto Sociale Centro Piani Rencio&nbsp;<\/strong><\/p>\n\n\n\n<p class=\"wp-block-paragraph\">Indirizzo: via Renon, 37&nbsp;<\/p>\n\n\n\n<p class=\"wp-block-paragraph\">Telefono: 0471 1626300&nbsp;<\/p>\n\n\n\n<p class=\"wp-block-paragraph\">E-mail: DistrettoCentro@aziendasociale.bz.it&nbsp;<\/p>\n\n\n\n<p class=\"wp-block-paragraph\"><strong>Distretto Sociale Oltrisarco &#8211; Aslago&nbsp;<\/strong><\/p>\n\n\n\n<p class=\"wp-block-paragraph\">Indirizzo: via Pietralba, 10&nbsp;<\/p>\n\n\n\n<p class=\"wp-block-paragraph\">Telefono: 0471 1626400&nbsp;<\/p>\n\n\n\n<p class=\"wp-block-paragraph\">E-mail: DistrettoOltrisarco@aziendasociale.bz.it&nbsp;<\/p>\n\n\n\n<p class=\"wp-block-paragraph\"><strong>Distretto Sociale Don Bosco&nbsp;<\/strong><\/p>\n\n\n\n<p class=\"wp-block-paragraph\">Indirizzo: piazza Don Bosco, 11&nbsp;<\/p>\n\n\n\n<p class=\"wp-block-paragraph\">Telefono: 0471 1626100&nbsp;<\/p>\n\n\n\n<p class=\"wp-block-paragraph\">E-mail: DistrettoDonBosco@aziendasociale.bz.it&nbsp;<\/p>\n\n\n\n<p class=\"wp-block-paragraph\"><strong>Distretto Sociale  Europa &#8211; Novacella&nbsp;<\/strong><\/p>\n\n\n\n<p class=\"wp-block-paragraph\">Indirizzo: via Palermo, 54&nbsp;<\/p>\n\n\n\n<p class=\"wp-block-paragraph\">Telefono: 0471 1626500&nbsp;<\/p>\n\n\n\n<p class=\"wp-block-paragraph\">E-mail: DistrettoEuropa@aziendasociale.bz.it&nbsp;<\/p>\n\n\n\n<p class=\"wp-block-paragraph\"><strong>Distretto Sociale Gries &#8211; San Quirino&nbsp;<\/strong><\/p>\n\n\n\n<p class=\"wp-block-paragraph\">Indirizzo: piazza Wilhelm Alexander Loew-Cadonna, 12&nbsp;<\/p>\n\n\n\n<p class=\"wp-block-paragraph\">Telefono: 0471 1626200&nbsp;<\/p>\n\n\n\n<p class=\"wp-block-paragraph\">E-mail: DistrettoGries@aziendasociale.bz.it<\/p>\n\n\n\n<p class=\"wp-block-paragraph\"><strong>Orari<\/strong><\/p>\n\n\n\n<ul class=\"wp-block-list\">\n<li>luned\u00ec, marted\u00ec e mercoled\u00ec dalle 8:30 alle 12:30 e dalle 14:45 alle 16:15;<\/li>\n\n\n\n<li>gioved\u00ec dalle 8:30 alle 13:00 e dalle 14:00 alle 17:30;<\/li>\n\n\n\n<li>venerd\u00ec dalle 8:30 alle 12:30.<\/li>\n<\/ul>\n\n\n\n<p class=\"wp-block-paragraph\"><\/p>\n\n\n\n<figure class=\"wp-block-image size-full is-resized\"><img data-recalc-dims=\"1\" loading=\"lazy\" decoding=\"async\" width=\"500\" height=\"500\" data-attachment-id=\"2188\" data-permalink=\"https:\/\/notalonesuedtirol.com\/it\/2025\/09\/15\/i-distretti-sociali-di-azienda-servizi-sociali-di-bolzano\/qr-code\/\" data-orig-file=\"https:\/\/i0.wp.com\/notalonesuedtirol.com\/wp-content\/uploads\/2025\/09\/qr-code.png?fit=500%2C500&amp;ssl=1\" data-orig-size=\"500,500\" data-comments-opened=\"1\" data-image-meta=\"{&quot;aperture&quot;:&quot;0&quot;,&quot;credit&quot;:&quot;&quot;,&quot;camera&quot;:&quot;&quot;,&quot;caption&quot;:&quot;&quot;,&quot;created_timestamp&quot;:&quot;0&quot;,&quot;copyright&quot;:&quot;&quot;,&quot;focal_length&quot;:&quot;0&quot;,&quot;iso&quot;:&quot;0&quot;,&quot;shutter_speed&quot;:&quot;0&quot;,&quot;title&quot;:&quot;&quot;,&quot;orientation&quot;:&quot;0&quot;}\" data-image-title=\"qr-code\" data-image-description=\"\" data-image-caption=\"\" data-large-file=\"https:\/\/i0.wp.com\/notalonesuedtirol.com\/wp-content\/uploads\/2025\/09\/qr-code.png?fit=500%2C500&amp;ssl=1\" src=\"https:\/\/i0.wp.com\/notalonesuedtirol.com\/wp-content\/uploads\/2025\/09\/qr-code.png?resize=500%2C500&#038;ssl=1\" alt=\"\" class=\"wp-image-2188\" style=\"width:410px;height:auto\" srcset=\"https:\/\/i0.wp.com\/notalonesuedtirol.com\/wp-content\/uploads\/2025\/09\/qr-code.png?w=500&amp;ssl=1 500w, https:\/\/i0.wp.com\/notalonesuedtirol.com\/wp-content\/uploads\/2025\/09\/qr-code.png?resize=300%2C300&amp;ssl=1 300w, https:\/\/i0.wp.com\/notalonesuedtirol.com\/wp-content\/uploads\/2025\/09\/qr-code.png?resize=150%2C150&amp;ssl=1 150w, https:\/\/i0.wp.com\/notalonesuedtirol.com\/wp-content\/uploads\/2025\/09\/qr-code.png?resize=400%2C400&amp;ssl=1 400w, https:\/\/i0.wp.com\/notalonesuedtirol.com\/wp-content\/uploads\/2025\/09\/qr-code.png?resize=200%2C200&amp;ssl=1 200w\" sizes=\"auto, (max-width: 500px) 100vw, 500px\" \/><\/figure>\n","protected":false},"excerpt":{"rendered":"<p>Il distretto sociale \u00e8 una struttura che offre servizi sociali di base, sia nei propri uffici che a domicilio.&nbsp; A Bolzano sono attivi cinque distretti sociali, chiamati anche \u201csedi distrettuali\u201d, in cui operano professioniste e professionisti qualificati. Sono distribuiti nei diversi quartieri della citt\u00e0 e garantiscono i loro servizi a tutta la popolazione residente. Tutte [&hellip;]<\/p>\n","protected":false},"author":209540937,"featured_media":0,"comment_status":"open","ping_status":"open","sticky":false,"template":"","format":"standard","meta":{"advanced_seo_description":"","jetpack_seo_html_title":"","jetpack_seo_noindex":false,"jetpack_seo_schema_type":"","_jetpack_newsletter_access":"","_jetpack_dont_email_post_to_subs":false,"_jetpack_newsletter_tier_id":0,"_jetpack_memberships_contains_paywalled_content":false,"_wpcom_ai_launchpad_first_post":false,"_jetpack_feature_clip_id":0,"_jetpack_memberships_contains_paid_content":false,"footnotes":"","jetpack_publicize_message":"{title}\n\n{excerpt}\n\n{url}","jetpack_publicize_feature_enabled":true,"jetpack_social_post_already_shared":true,"jetpack_social_options":{"image_generator_settings":{"template":"highway","default_image_id":0,"font":"","enabled":false},"version":2},"_wpas_customize_per_network":false,"jetpack_post_was_ever_published":false},"categories":[3154],"tags":[],"appful":[],"class_list":["post-2048","post","type-post","status-publish","format-standard","hentry","category-servizi-sociali"],"jetpack_publicize_connections":[],"jetpack_likes_enabled":true,"jetpack_sharing_enabled":true,"jetpack_shortlink":"https:\/\/wp.me\/pgd0iB-x2","jetpack-related-posts":[],"jetpack_featured_media_url":"","_links":{"self":[{"href":"https:\/\/notalonesuedtirol.com\/it\/wp-json\/wp\/v2\/posts\/2048","targetHints":{"allow":["GET"]}}],"collection":[{"href":"https:\/\/notalonesuedtirol.com\/it\/wp-json\/wp\/v2\/posts"}],"about":[{"href":"https:\/\/notalonesuedtirol.com\/it\/wp-json\/wp\/v2\/types\/post"}],"author":[{"embeddable":true,"href":"https:\/\/notalonesuedtirol.com\/it\/wp-json\/wp\/v2\/users\/209540937"}],"replies":[{"embeddable":true,"href":"https:\/\/notalonesuedtirol.com\/it\/wp-json\/wp\/v2\/comments?post=2048"}],"version-history":[{"count":3,"href":"https:\/\/notalonesuedtirol.com\/it\/wp-json\/wp\/v2\/posts\/2048\/revisions"}],"predecessor-version":[{"id":2191,"href":"https:\/\/notalonesuedtirol.com\/it\/wp-json\/wp\/v2\/posts\/2048\/revisions\/2191"}],"wp:attachment":[{"href":"https:\/\/notalonesuedtirol.com\/it\/wp-json\/wp\/v2\/media?parent=2048"}],"wp:term":[{"taxonomy":"category","embeddable":true,"href":"https:\/\/notalonesuedtirol.com\/it\/wp-json\/wp\/v2\/categories?post=2048"},{"taxonomy":"post_tag","embeddable":true,"href":"https:\/\/notalonesuedtirol.com\/it\/wp-json\/wp\/v2\/tags?post=2048"},{"taxonomy":"appful","embeddable":true,"href":"https:\/\/notalonesuedtirol.com\/it\/wp-json\/wp\/v2\/appful?post=2048"}],"curies":[{"name":"wp","href":"https:\/\/api.w.org\/{rel}","templated":true}]}}