{"id":2029,"date":"2025-09-15T21:32:56","date_gmt":"2025-09-15T19:32:56","guid":{"rendered":"https:\/\/notalonesuedtirol.com\/?p=2029"},"modified":"2025-09-15T21:32:56","modified_gmt":"2025-09-15T19:32:56","slug":"tribunale-per-i-minorenni-di-bolzano-2","status":"publish","type":"post","link":"https:\/\/notalonesuedtirol.com\/it\/2025\/09\/15\/tribunale-per-i-minorenni-di-bolzano-2\/","title":{"rendered":"Tribunale per i minorenni di Bolzano"},"content":{"rendered":"\n<p class=\"wp-block-paragraph\">Il Tribunale per i Minorenni interviene con sentenze e decreti, anche in via d\u2019urgenza. Quando la condotta del genitore \u00e8 pregiudizievole al figlio o alla figlia, pu\u00f2 adottare i provvedimenti convenienti e pu\u00f2 anche disporre l\u2019allontanamento del o della minore dalla casa familiare o l\u2019allontanamento del genitore o convivente che maltratta o abusa del o della minore.<\/p>\n\n\n\n<p class=\"wp-block-paragraph\">In caso di violenza in famiglia, pu\u00f2 essere disposto anche il collocamento del o della minore in una struttura protetta, insieme alla madre.<\/p>\n\n\n\n<p class=\"wp-block-paragraph\">Il Tribunale per i Minorenni non ha potere di attivarsi di sua iniziativa, ma pu\u00f2 intervenire soltanto su ricorso del Pubblico Ministero della Procura presso il Tribunale per i Minorenni, del genitore o dei parenti del \/della minore.<\/p>\n\n\n\n<p class=\"wp-block-paragraph\">Soprattutto nei procedimenti a tutela di minori, il Servizio sociale territoriale \u00e8 di solito coinvolto sin dall\u2019inizio, perch\u00e9 spesso ha segnalato la situazione alla Procura per i Minori.<\/p>\n\n\n\n<p class=\"wp-block-paragraph\"><strong>Contatti:<\/strong><\/p>\n\n\n\n<p class=\"wp-block-paragraph\">Corso Libert\u00e0 23, 39100 Bolzano<\/p>\n\n\n\n<p class=\"wp-block-paragraph\">Tel.: 0471 226479<\/p>\n\n\n\n<p class=\"wp-block-paragraph\">E-mail: <a href=\"mailto:Tribmin.bolzano@giustizia.it\">Tribmin.bolzano@giustizia.it<\/a><\/p>\n","protected":false},"excerpt":{"rendered":"<p>Il Tribunale per i Minorenni interviene con sentenze e decreti, anche in via d\u2019urgenza. Quando la condotta del genitore \u00e8 pregiudizievole al figlio o alla figlia, pu\u00f2 adottare i provvedimenti convenienti e pu\u00f2 anche disporre l\u2019allontanamento del o della minore dalla casa familiare o l\u2019allontanamento del genitore o convivente che maltratta o abusa del o [&hellip;]<\/p>\n","protected":false},"author":209540937,"featured_media":0,"comment_status":"open","ping_status":"open","sticky":false,"template":"","format":"standard","meta":{"advanced_seo_description":"","jetpack_seo_html_title":"","jetpack_seo_noindex":false,"jetpack_seo_schema_type":"","_jetpack_newsletter_access":"","_jetpack_dont_email_post_to_subs":false,"_jetpack_newsletter_tier_id":0,"_jetpack_memberships_contains_paywalled_content":false,"_wpcom_ai_launchpad_first_post":false,"_jetpack_feature_clip_id":0,"_jetpack_memberships_contains_paid_content":false,"footnotes":"","jetpack_publicize_message":"{title}\n\n{excerpt}\n\n{url}","jetpack_publicize_feature_enabled":true,"jetpack_social_post_already_shared":true,"jetpack_social_options":{"image_generator_settings":{"template":"highway","default_image_id":0,"font":"","enabled":false},"version":2},"_wpas_customize_per_network":false,"jetpack_post_was_ever_published":false},"categories":[3158],"tags":[],"appful":[],"class_list":["post-2029","post","type-post","status-publish","format-standard","hentry","category-servizi-giudiziari"],"jetpack_publicize_connections":[],"jetpack_likes_enabled":true,"jetpack_sharing_enabled":true,"jetpack_shortlink":"https:\/\/wp.me\/pgd0iB-wJ","jetpack-related-posts":[],"jetpack_featured_media_url":"","_links":{"self":[{"href":"https:\/\/notalonesuedtirol.com\/it\/wp-json\/wp\/v2\/posts\/2029","targetHints":{"allow":["GET"]}}],"collection":[{"href":"https:\/\/notalonesuedtirol.com\/it\/wp-json\/wp\/v2\/posts"}],"about":[{"href":"https:\/\/notalonesuedtirol.com\/it\/wp-json\/wp\/v2\/types\/post"}],"author":[{"embeddable":true,"href":"https:\/\/notalonesuedtirol.com\/it\/wp-json\/wp\/v2\/users\/209540937"}],"replies":[{"embeddable":true,"href":"https:\/\/notalonesuedtirol.com\/it\/wp-json\/wp\/v2\/comments?post=2029"}],"version-history":[{"count":1,"href":"https:\/\/notalonesuedtirol.com\/it\/wp-json\/wp\/v2\/posts\/2029\/revisions"}],"predecessor-version":[{"id":2030,"href":"https:\/\/notalonesuedtirol.com\/it\/wp-json\/wp\/v2\/posts\/2029\/revisions\/2030"}],"wp:attachment":[{"href":"https:\/\/notalonesuedtirol.com\/it\/wp-json\/wp\/v2\/media?parent=2029"}],"wp:term":[{"taxonomy":"category","embeddable":true,"href":"https:\/\/notalonesuedtirol.com\/it\/wp-json\/wp\/v2\/categories?post=2029"},{"taxonomy":"post_tag","embeddable":true,"href":"https:\/\/notalonesuedtirol.com\/it\/wp-json\/wp\/v2\/tags?post=2029"},{"taxonomy":"appful","embeddable":true,"href":"https:\/\/notalonesuedtirol.com\/it\/wp-json\/wp\/v2\/appful?post=2029"}],"curies":[{"name":"wp","href":"https:\/\/api.w.org\/{rel}","templated":true}]}}