{"id":1812,"date":"2025-09-06T12:30:49","date_gmt":"2025-09-06T10:30:49","guid":{"rendered":"https:\/\/notalonesuedtirol.com\/2025\/05\/10\/violenza-di-genere-da-tratta-e-sfruttamento-alba\/"},"modified":"2025-09-12T10:58:33","modified_gmt":"2025-09-12T08:58:33","slug":"violenza-di-genere-da-tratta-e-sfruttamento-alba","status":"publish","type":"post","link":"https:\/\/notalonesuedtirol.com\/it\/2025\/09\/06\/violenza-di-genere-da-tratta-e-sfruttamento-alba\/","title":{"rendered":"Violenza di genere da tratta e sfruttamento (Alba)"},"content":{"rendered":"\n<p class=\"has-albert-sans-font-family has-medium-font-size wp-block-paragraph\">Le donne migranti vittime di tratta e sfruttamento accolte nei centri nazionali antitratta (tra cui il progetto Alba) sono in primo luogo vittime di violenza.<\/p>\n\n<p class=\"has-albert-sans-font-family has-medium-font-size wp-block-paragraph\"><br\/>La loro esperienza migratoria \u00e8 stata infatti caratterizzata da violenze fisiche, sessuali economiche e psicologiche. Spesso la condizione di violenza sussiste anche nel Paese d\u2019origine all\u2019interno del proprio contesto familiare. La fase dell\u2019elaborazione del progetto migratorio e della decisione di partire \u00e8 spesso caratterizzata da uno stato di assoggettamento; a volte le donne sono sollecitate dalle stesse famiglie che vedono nella loro partenza una possibilit\u00e0 di guadagno.<\/p>\n\n<p class=\"has-albert-sans-font-family has-medium-font-size wp-block-paragraph\">Il viaggio pu\u00f2 avvenire con varie modalit\u00e0, pi\u00f9 o meno rischiose e violente; in questa fase le donne perdono ogni diritto e si affidano alle organizzazioni che si occupano del transito per poi passare nelle mani di chi sfrutter\u00e0 la loro situazione di vulnerabilit\u00e0 legale ed economica nel Paese di destinazione. E\u2019 qui che si realizza pienamente la condizione di assoggettamento e sfruttamento sessuale e di conseguenza l\u2019esposizione al rischio di violenza fisica, economica, sessuale e psicologica<\/p>\n\n<p class=\"has-albert-sans-font-family has-medium-font-size wp-block-paragraph\">Il Protocollo delle Nazioni Unite sulla Tratta di esseri umani (Palermo, 2000) considera un elemento non rilevante che la vittima sia o meno consenziente al momento della partenza cos\u00ec come all\u2019arrivo. Questo \u00e8 un aspetto essenziale per attribuire correttamente lo status di vittima di tratta ad una donna che sceglie di partire o di sottostare ad un\u2019organizzazione criminale a causa del proprio stato di povert\u00e0, delle pressioni da parte della famiglia, o di uno status di \u201cnon persona\u201d dovuto alla mancanza dei documenti necessari al soggiorno nel Paese.<\/p>\n\n<p class=\"has-albert-sans-font-family has-medium-font-size wp-block-paragraph\">La condizione di completa dipendenza dai trafficanti prima e dagli sfruttatori poi, sommata ai traumi e alle violenze subite, vanno ad intaccare nelle donne il senso di fiducia in s\u00e9 e negli altri, la capacit\u00e0 di gestire la propria autonomia o di avere spirito di iniziativa. Si crea sfiducia nelle proprie capacit\u00e0, vengono intaccate l\u2019identit\u00e0 personale e il modo di vivere le relazioni di intimit\u00e0.<\/p>\n\n<p class=\"has-albert-sans-font-family has-medium-font-size wp-block-paragraph\">L\u2019esperienza di tratta, sfruttamento e violenza di ciascuna donna \u00e8 un fattore essenziale da tenere in considerazione nell\u2019elaborazione di un percorso di protezione e integrazione sociale. La storia di tratta che ogni donna ha vissuto caratterizza e definisce i suoi particolari bisogni rispetto al servizio; il progetto migratorio di una donna vittima di tratta \u00e8 ancora in atto nel momento in cui questa entra in contatto con un centro antitratta. c Dunque \u00e8 fondamentale collaborare con lei alla ricostruzione di quel progetto che l\u2019ha condotta alla decisione di partire per l\u2019Italia.<\/p>\n\n<p class=\"has-albert-sans-font-family has-medium-font-size wp-block-paragraph\">Per questo motivo, le operatrici coinvolgono le donne nel definire quali siano i loro bisogni e gli obiettivi da raggiungere, ponendo delle priorit\u00e0 e costruendo insieme un programma individualizzato.<\/p>\n","protected":false},"excerpt":{"rendered":"<p>Le donne migranti vittime di tratta e sfruttamento accolte nei centri nazionali antitratta (tra cui il progetto Alba) sono in primo luogo vittime di violenza. La loro esperienza migratoria \u00e8 stata infatti caratterizzata da violenze fisiche, sessuali economiche e psicologiche. Spesso la condizione di violenza sussiste anche nel Paese d\u2019origine all\u2019interno del proprio contesto familiare. [&hellip;]<\/p>\n","protected":false},"author":209540932,"featured_media":1825,"comment_status":"open","ping_status":"open","sticky":false,"template":"","format":"standard","meta":{"advanced_seo_description":"","jetpack_seo_html_title":"","jetpack_seo_noindex":false,"jetpack_seo_schema_type":"","_jetpack_newsletter_access":"","_jetpack_dont_email_post_to_subs":false,"_jetpack_newsletter_tier_id":0,"_jetpack_memberships_contains_paywalled_content":false,"_wpcom_ai_launchpad_first_post":false,"_jetpack_feature_clip_id":0,"_jetpack_memberships_contains_paid_content":false,"footnotes":"","jetpack_publicize_message":"{title}\n\n{excerpt}\n\n{url}","jetpack_publicize_feature_enabled":true,"jetpack_social_post_already_shared":true,"jetpack_social_options":{"image_generator_settings":{"template":"highway","default_image_id":0,"font":"","enabled":false},"version":2},"_wpas_customize_per_network":false,"jetpack_post_was_ever_published":false},"categories":[3179],"tags":[],"appful":[2713],"class_list":["post-1812","post","type-post","status-publish","format-standard","has-post-thumbnail","hentry","category-b","appful-push"],"jetpack_publicize_connections":[],"jetpack_likes_enabled":true,"jetpack_sharing_enabled":true,"jetpack_shortlink":"https:\/\/wp.me\/pgd0iB-te","jetpack-related-posts":[],"jetpack_featured_media_url":"https:\/\/i0.wp.com\/notalonesuedtirol.com\/wp-content\/uploads\/2025\/05\/Gewalt-an-Frauen-12-1.png?fit=2000%2C1333&ssl=1","_links":{"self":[{"href":"https:\/\/notalonesuedtirol.com\/it\/wp-json\/wp\/v2\/posts\/1812","targetHints":{"allow":["GET"]}}],"collection":[{"href":"https:\/\/notalonesuedtirol.com\/it\/wp-json\/wp\/v2\/posts"}],"about":[{"href":"https:\/\/notalonesuedtirol.com\/it\/wp-json\/wp\/v2\/types\/post"}],"author":[{"embeddable":true,"href":"https:\/\/notalonesuedtirol.com\/it\/wp-json\/wp\/v2\/users\/209540932"}],"replies":[{"embeddable":true,"href":"https:\/\/notalonesuedtirol.com\/it\/wp-json\/wp\/v2\/comments?post=1812"}],"version-history":[{"count":1,"href":"https:\/\/notalonesuedtirol.com\/it\/wp-json\/wp\/v2\/posts\/1812\/revisions"}],"predecessor-version":[{"id":1813,"href":"https:\/\/notalonesuedtirol.com\/it\/wp-json\/wp\/v2\/posts\/1812\/revisions\/1813"}],"wp:featuredmedia":[{"embeddable":true,"href":"https:\/\/notalonesuedtirol.com\/it\/wp-json\/wp\/v2\/media\/1825"}],"wp:attachment":[{"href":"https:\/\/notalonesuedtirol.com\/it\/wp-json\/wp\/v2\/media?parent=1812"}],"wp:term":[{"taxonomy":"category","embeddable":true,"href":"https:\/\/notalonesuedtirol.com\/it\/wp-json\/wp\/v2\/categories?post=1812"},{"taxonomy":"post_tag","embeddable":true,"href":"https:\/\/notalonesuedtirol.com\/it\/wp-json\/wp\/v2\/tags?post=1812"},{"taxonomy":"appful","embeddable":true,"href":"https:\/\/notalonesuedtirol.com\/it\/wp-json\/wp\/v2\/appful?post=1812"}],"curies":[{"name":"wp","href":"https:\/\/api.w.org\/{rel}","templated":true}]}}